{"id":20,"count":1,"description":"<p>Descubra a nossa cole\u00e7\u00e3o de\u00a0<strong>fatos de banho para crian\u00e7as<\/strong>, \u00c9 o companheiro perfeito para os jovens na praia, na piscina ou nas f\u00e9rias. Visitar <strong>modelo infantil<\/strong> dispon\u00edvel em <a href=\"https:\/\/www.sarouel-de-bain.fr\/pt\/\">sarouel-de-bain.fr<\/a> foi concebido para combinar conforto, liberdade de movimentos e cobertura adequada, com uma verdadeira aten\u00e7\u00e3o aos pormenores.<\/p>\r\n<h2>Um saroual de nata\u00e7\u00e3o para crian\u00e7a concebido para o conforto<\/h2>\r\n<p>Le <strong>sal\u00e3o de nata\u00e7\u00e3o para crian\u00e7as<\/strong> \u00e9 a alternativa ideal aos cal\u00e7\u00f5es de banho cl\u00e1ssicos para as fam\u00edlias que procuram mais cobertura e conforto. Gra\u00e7as \u00e0 sua forma fluida e confort\u00e1vel, permite que as crian\u00e7as se movimentem facilmente, brinquem, nadem e desfrutem das suas actividades aqu\u00e1ticas sem desconforto.<\/p>\r\n<p>Este <strong>modelo infantil<\/strong> tamb\u00e9m se destaca pela sua <strong>cobertura do umbigo integrada<\/strong>, Um pormenor pr\u00e1tico que proporciona uma cobertura extra e um apoio tranquilizador todos os dias. \u00c9 uma escolha particularmente popular para viagens \u00e0 beira-mar, banhos em fam\u00edlia ou idas a clubes e parques aqu\u00e1ticos.<\/p>\r\n<h2>O tamanho certo para crian\u00e7as dos 6 aos 14 anos<\/h2>\r\n<p>A nossa gama de <strong>fatos de banho para crian\u00e7as<\/strong> est\u00e1 dispon\u00edvel numa gama de tamanhos para se adaptar a jovens de <strong>6 a 14 anos<\/strong>. Esta gama facilita a procura de um modelo adequado \u00e0 idade e \u00e0 forma do corpo do seu filho, mantendo um ajuste confort\u00e1vel e c\u00f3modo.<\/p>\r\n<p>Quer esteja \u00e0 procura de um <strong>saroual de banho para crian\u00e7as de 6 anos<\/strong>, Quer se trate de um modelo para pr\u00e9-adolescentes ou de uma solu\u00e7\u00e3o pr\u00e1tica para as f\u00e9rias de ver\u00e3o, esta categoria responde a uma necessidade clara: oferecer um fato de banho de cobertura, f\u00e1cil de vestir e concebido para acompanhar o ritmo das crian\u00e7as.<\/p>\r\n<h2>Porqu\u00ea escolher um saroual de banho para crian\u00e7as?<\/h2>\r\n<p>Le <strong>sal\u00e3o de nata\u00e7\u00e3o para crian\u00e7as<\/strong> \u00e9 sedutor pela sua praticidade, corte funcional e estilo diferente dos fatos de banho cl\u00e1ssicos. Permite-lhe desfrutar de uma maior cobertura no seu fato de banho, mantendo um bom n\u00edvel de conforto para jogos aqu\u00e1ticos, idas \u00e0 piscina ou passeios.<\/p>\r\n<p>Le <strong>cobertura do umbigo integrada<\/strong> complementa o design, real\u00e7ando o aspeto de cobertura do modelo. Para muitos pais, este \u00e9 um crit\u00e9rio importante na escolha de um fato de banho para crian\u00e7a que seja pr\u00e1tico, adequado e f\u00e1cil de usar.<\/p>\r\n<h2>Encomende o seu modelo infantil em sarouel-de-bain.fr<\/h2>\r\n<p>Em sarouel-de-bain.fr, propomos modelos concebidos para responder a necessidades espec\u00edficas. Esta categoria <strong>sal\u00e3o de nata\u00e7\u00e3o para crian\u00e7as<\/strong> pode facilmente encontrar um produto adequado para crian\u00e7as, com um corte de cobertura, um <strong>cobertura do umbigo integrada<\/strong> e tamanhos que v\u00e3o desde <strong>6 a 14 anos<\/strong>.<\/p>\r\n<p>Navegue pela nossa sele\u00e7\u00e3o para escolher o <strong>modelo infantil<\/strong> que melhor se adapta \u00e0s suas necessidades e desfrute de fatos de banho pr\u00e1ticos e confort\u00e1veis, concebidos para acompanhar as crian\u00e7as durante toda a esta\u00e7\u00e3o.<\/p>\r\n<h2>Perguntas frequentes sobre fatos de banho para crian\u00e7as<\/h2>\r\n<div>\r\n<div>\r\n<h3>A partir de que idade se pode escolher o saroual de nata\u00e7\u00e3o de uma crian\u00e7a?<\/h3>\r\n<div>\r\n<p>O modelo infantil foi concebido para crian\u00e7as dos 6 aos 14 anos. Esta gama de tamanhos facilita a procura de um saroual de nata\u00e7\u00e3o adequado \u00e0 idade e \u00e0 forma do corpo do seu filho.<\/p>\r\n<\/div>\r\n<\/div>\r\n<div>\r\n<h3>Os sarongues de nata\u00e7\u00e3o para crian\u00e7as t\u00eam um aquecedor de axilas incorporado?<\/h3>\r\n<div>\r\n<p>Sim, este modelo para crian\u00e7a tem um painel de barriga integrado. Este detalhe proporciona uma cobertura extra e aumenta o conforto geral da pe\u00e7a de vestu\u00e1rio durante as actividades na praia ou na piscina.<\/p>\r\n<\/div>\r\n<\/div>\r\n<div>\r\n<h3>Porqu\u00ea escolher um saroual de nata\u00e7\u00e3o para crian\u00e7a em vez dos cal\u00e7\u00f5es de banho cl\u00e1ssicos?<\/h3>\r\n<div>\r\n<p>O saroual de banho para crian\u00e7a oferece um corte mais coberto e uma sensa\u00e7\u00e3o de conforto que \u00e9 apreciada todos os dias. Permitem que as crian\u00e7as se movimentem livremente enquanto desfrutam de um estilo concebido para nadar, brincar na \u00e1gua e ir de f\u00e9rias.<\/p>\r\n<\/div>\r\n<\/div>\r\n<div>\r\n<h3>Os saraus de nata\u00e7\u00e3o para crian\u00e7as s\u00e3o adequados para a praia e para a piscina?<\/h3>\r\n<div>\r\n<p>Sim, o saroual de banho para crian\u00e7a foi concebido para levar as crian\u00e7as para a praia e para a piscina. O seu corte pr\u00e1tico e confort\u00e1vel torna-o ideal para as actividades aqu\u00e1ticas e os dias de ver\u00e3o.<\/p>\r\n<\/div>\r\n<\/div>\r\n<div>\r\n<h3>Onde posso comprar um fato de banho para crian\u00e7as dos 6 aos 14 anos?<\/h3>\r\n<div>\r\n<p>Pode encontrar esta categoria de saroual de banho para crian\u00e7a diretamente em sarouel-de-bain.fr, com um modelo infantil de cobertura total, com um aquecedor de axilas integrado e dispon\u00edvel dos 6 aos 14 anos.<\/p>\r\n<\/div>\r\n<\/div>\r\n<\/div>","link":"https:\/\/www.sarouel-de-bain.fr\/pt\/categorie-produit\/sarouel-de-bain-enfant\/","name":"Sal\u00e3o de nata\u00e7\u00e3o para crian\u00e7as","slug":"salao-de-natacao-para-criancas","taxonomy":"product_cat","parent":0,"meta":[],"menu_order":0,"_links":{"self":[{"href":"https:\/\/www.sarouel-de-bain.fr\/pt\/wp-json\/wp\/v2\/product_cat\/20","targetHints":{"allow":["GET"]}}],"collection":[{"href":"https:\/\/www.sarouel-de-bain.fr\/pt\/wp-json\/wp\/v2\/product_cat"}],"about":[{"href":"https:\/\/www.sarouel-de-bain.fr\/pt\/wp-json\/wp\/v2\/taxonomies\/product_cat"}],"wp:post_type":[{"href":"https:\/\/www.sarouel-de-bain.fr\/pt\/wp-json\/wp\/v2\/product?product_cat=20"}],"curies":[{"name":"wp","href":"https:\/\/api.w.org\/{rel}","templated":true}]}}